{"id":159578,"date":"2025-10-24T12:24:53","date_gmt":"2025-10-24T10:24:53","guid":{"rendered":"https:\/\/cpts-pays-angouleme.fr\/?p=159578"},"modified":"2026-02-24T10:53:15","modified_gmt":"2026-02-24T09:53:15","slug":"confinement-pour-memoire-le-covid-5-ans-apres-se-souvenir-pour-mieux-comprendre","status":"publish","type":"post","link":"https:\/\/cptspaysdangouleme.fr\/index.php\/2025\/10\/24\/confinement-pour-memoire-le-covid-5-ans-apres-se-souvenir-pour-mieux-comprendre\/","title":{"rendered":"\u00ab Confinement pour m\u00e9moire \u2013 Le Covid, 5 ans apr\u00e8s \u00bb : se souvenir pour mieux comprendre"},"content":{"rendered":"<div class=\"wpb-content-wrapper\"><p>[vc_row row_height_percent=\u00a0\u00bb0&Prime; overlay_alpha=\u00a0\u00bb50&Prime; equal_height=\u00a0\u00bbyes\u00a0\u00bb gutter_size=\u00a0\u00bb0&Prime; column_width_percent=\u00a0\u00bb100&Prime; shift_y=\u00a0\u00bb0&Prime; z_index=\u00a0\u00bb0&Prime; content_parallax=\u00a0\u00bb0&Prime; el_class=\u00a0\u00bbinverted-device-order\u00a0\u00bb uncode_shortcode_id=\u00a0\u00bb159373&Prime;][vc_column column_width_use_pixel=\u00a0\u00bbyes\u00a0\u00bb gutter_size=\u00a0\u00bb3&Prime; overlay_alpha=\u00a0\u00bb50&Prime; shift_x=\u00a0\u00bb0&Prime; shift_y=\u00a0\u00bb0&Prime; shift_y_down=\u00a0\u00bb0&Prime; z_index=\u00a0\u00bb0&Prime; medium_width=\u00a0\u00bb0&Prime; mobile_width=\u00a0\u00bb0&Prime; width=\u00a0\u00bb1\/1&Prime; uncode_shortcode_id=\u00a0\u00bb194855&Prime; column_width_pixel=\u00a0\u00bb1000&Prime;][vc_custom_heading text_font=\u00a0\u00bbfont-133811&Prime; uncode_shortcode_id=\u00a0\u00bb177873&Prime;]\u00ab Confinement pour m\u00e9moire \u2013 Le Covid, 5 ans apr\u00e8s \u00bb : se souvenir pour mieux comprendre[\/vc_custom_heading][vc_column_text uncode_shortcode_id=\u00a0\u00bb151283&Prime;]Le 24 octobre dernier, la CPTS Pays d\u2019Angoul\u00eame a soutenu l\u2019\u00e9v\u00e9nement \u00ab Confinement pour m\u00e9moire \u2013 Le Covid, 5 ans apr\u00e8s \u00bb, organis\u00e9 par le CSCS Flep de Soyaux.<\/p>\n<p>Cette soir\u00e9e a r\u00e9uni habitants, acteurs locaux et professionnels de sant\u00e9 autour d\u2019une projection documentaire r\u00e9trospective sur la p\u00e9riode du confinement, suivie d\u2019un temps d\u2019\u00e9changes ouvert avec le public.<\/p>\n<p>Le documentaire, r\u00e9alis\u00e9 par Isabelle Fougere et Miquel Dewevere-Plana, a constitu\u00e9 un moment fort de la soir\u00e9e. \u00c0 travers des t\u00e9moignages sensibles et des images marquantes, il a permis de croiser la m\u00e9moire collective avec les v\u00e9cus individuels, rappelant ce moment de bascule soci\u00e9tale in\u00e9dit, entre fragilit\u00e9s, \u00e9lans de solidarit\u00e9 et enjeux majeurs de sant\u00e9 mentale.[\/vc_column_text][vc_row_inner][vc_column_inner column_width_percent=\u00a0\u00bb100&Prime; gutter_size=\u00a0\u00bb3&Prime; overlay_alpha=\u00a0\u00bb50&Prime; shift_x=\u00a0\u00bb0&Prime; shift_y=\u00a0\u00bb0&Prime; shift_y_down=\u00a0\u00bb0&Prime; z_index=\u00a0\u00bb0&Prime; medium_width=\u00a0\u00bb4&Prime; mobile_width=\u00a0\u00bb0&Prime; width=\u00a0\u00bb1\/2&Prime;][vc_custom_heading text_font=\u00a0\u00bbfont-133811&Prime; text_size=\u00a0\u00bbh5&Prime; uncode_shortcode_id=\u00a0\u00bb288795&Prime;]Une ann\u00e9e consacr\u00e9 \u00e0 la sant\u00e9 mentale&#8230;[\/vc_custom_heading][vc_column_text uncode_shortcode_id=\u00a0\u00bb211737&Prime;]Dans le cadre de l\u2019Ann\u00e9e 2025 consacr\u00e9e \u00e0 la sant\u00e9 mentale, cette rencontre a pris une r\u00e9sonance particuli\u00e8re. Les \u00e9changes ont mis en lumi\u00e8re les traces parfois invisibles laiss\u00e9es par la crise sanitaire, notamment :<br \/>\nl\u2019\u00e9volution durable des liens sociaux et affectifs,<br \/>\nl\u2019augmentation des troubles li\u00e9s \u00e0 l\u2019isolement et \u00e0 l\u2019enfermement.<\/p>\n<p>Mais la soir\u00e9e a \u00e9galement permis de rappeler les dynamiques positives et les apprentissages issus de cette p\u00e9riode :<br \/>\nla solidarit\u00e9 entre voisins et habitants des quartiers,<br \/>\ndes parcours de vie transform\u00e9s, parfois porteurs de renouveau,<br \/>\ndes innovations locales, comme la mise en place du mode \u00ab drive \u00bb pour l\u2019\u00e9picerie sociale ou l\u2019implication des policiers municipaux dans l\u2019aide alimentaire,<br \/>\nune volont\u00e9 collective d\u2019\u00eatre utile et d\u2019agir pour les autres.[\/vc_column_text][\/vc_column_inner][vc_column_inner column_width_percent=\u00a0\u00bb100&Prime; gutter_size=\u00a0\u00bb3&Prime; overlay_alpha=\u00a0\u00bb50&Prime; shift_x=\u00a0\u00bb0&Prime; shift_y=\u00a0\u00bb0&Prime; shift_y_down=\u00a0\u00bb0&Prime; z_index=\u00a0\u00bb0&Prime; medium_width=\u00a0\u00bb4&Prime; mobile_width=\u00a0\u00bb0&Prime; width=\u00a0\u00bb1\/2&Prime;][vc_single_image media=\u00a0\u00bb160889&Prime; media_width_percent=\u00a0\u00bb100&Prime; media_ratio=\u00a0\u00bbone-one\u00a0\u00bb uncode_shortcode_id=\u00a0\u00bb212063&Prime;][\/vc_column_inner][\/vc_row_inner][vc_column_text uncode_shortcode_id=\u00a0\u00bb536589&Prime;]Ces \u00e9changes, riches et parfois bouleversants, ont fait \u00e9merger un besoin partag\u00e9 : redonner du sens, r\u00e9parer les liens et prendre soin autrement.<\/p>\n<p>Parce que comprendre le pass\u00e9 permet aussi de mieux pr\u00e9parer l\u2019avenir, ce regard r\u00e9trospectif est essentiel pour nourrir les pratiques professionnelles et renforcer le lien entre les acteurs de sant\u00e9 et les habitants du territoire.<\/p>\n<p>La CPTS Pays d\u2019Angoul\u00eame remercie chaleureusement l\u2019ensemble des participants, intervenants et organisateurs pour leur engagement, leurs t\u00e9moignages et leur contribution \u00e0 faire vivre cette m\u00e9moire collective.[\/vc_column_text][\/vc_column][\/vc_row]<\/p>\n<\/div>","protected":false},"excerpt":{"rendered":"<p>Le 24 octobre dernier, la CPTS Pays d\u2019Angoul\u00eame a soutenu l\u2019\u00e9v\u00e9nement \u00ab Confinement pour m\u00e9moire \u2013 Le Covid, 5 ans apr\u00e8s \u00bb, organis\u00e9 par le CSCS Flep de Soyaux.<\/p>\n","protected":false},"author":2,"featured_media":160889,"comment_status":"open","ping_status":"open","sticky":false,"template":"","format":"standard","meta":{"_price":"","_stock":"","_tribe_ticket_header":"","_tribe_default_ticket_provider":"","_tribe_ticket_capacity":"","_ticket_start_date":"","_ticket_end_date":"","_tribe_ticket_show_description":"","_tribe_ticket_show_not_going":false,"_tribe_ticket_use_global_stock":"","_tribe_ticket_global_stock_level":"","_global_stock_mode":"","_global_stock_cap":"","_tribe_rsvp_for_event":"","_tribe_ticket_going_count":"","_tribe_ticket_not_going_count":"","_tribe_tickets_list":"[]","_tribe_ticket_has_attendee_info_fields":false,"footnotes":""},"categories":[77],"tags":[],"class_list":["post-159578","post","type-post","status-publish","format-standard","has-post-thumbnail","hentry","category-actualites"],"yoast_head":"<!-- This site is optimized with the Yoast SEO plugin v27.3 - https:\/\/yoast.com\/product\/yoast-seo-wordpress\/ -->\n<title>\u00ab Confinement pour m\u00e9moire \u2013 Le Covid, 5 ans apr\u00e8s \u00bb : se souvenir pour mieux comprendre - Cpts Pays Angouleme<\/title>\n<meta name=\"robots\" content=\"index, follow, max-snippet:-1, max-image-preview:large, max-video-preview:-1\" \/>\n<link rel=\"canonical\" href=\"https:\/\/cptspaysdangouleme.fr\/index.php\/2025\/10\/24\/confinement-pour-memoire-le-covid-5-ans-apres-se-souvenir-pour-mieux-comprendre\/\" \/>\n<meta property=\"og:locale\" content=\"fr_FR\" \/>\n<meta property=\"og:type\" content=\"article\" \/>\n<meta property=\"og:title\" content=\"\u00ab Confinement pour m\u00e9moire \u2013 Le Covid, 5 ans apr\u00e8s \u00bb : se souvenir pour mieux comprendre - Cpts Pays Angouleme\" \/>\n<meta property=\"og:description\" content=\"Le 24 octobre dernier, la CPTS Pays d\u2019Angoul\u00eame a soutenu l\u2019\u00e9v\u00e9nement \u00ab Confinement pour m\u00e9moire \u2013 Le Covid, 5 ans apr\u00e8s \u00bb, organis\u00e9 par le CSCS Flep de Soyaux.\" \/>\n<meta property=\"og:url\" content=\"https:\/\/cptspaysdangouleme.fr\/index.php\/2025\/10\/24\/confinement-pour-memoire-le-covid-5-ans-apres-se-souvenir-pour-mieux-comprendre\/\" \/>\n<meta property=\"og:site_name\" content=\"Cpts Pays Angouleme\" \/>\n<meta property=\"article:published_time\" content=\"2025-10-24T10:24:53+00:00\" \/>\n<meta property=\"article:modified_time\" content=\"2026-02-24T09:53:15+00:00\" \/>\n<meta property=\"og:image\" content=\"https:\/\/cptspaysdangouleme.fr\/wp-content\/uploads\/2025\/11\/BD-CVID.jpg\" \/>\n\t<meta property=\"og:image:width\" content=\"1000\" \/>\n\t<meta property=\"og:image:height\" content=\"1091\" \/>\n\t<meta property=\"og:image:type\" content=\"image\/jpeg\" \/>\n<meta name=\"author\" content=\"aLx\" \/>\n<meta name=\"twitter:card\" content=\"summary_large_image\" \/>\n<meta name=\"twitter:label1\" content=\"\u00c9crit par\" \/>\n\t<meta name=\"twitter:data1\" content=\"aLx\" \/>\n\t<meta name=\"twitter:label2\" content=\"Dur\u00e9e de lecture estim\u00e9e\" \/>\n\t<meta name=\"twitter:data2\" content=\"3 minutes\" \/>\n<script type=\"application\/ld+json\" class=\"yoast-schema-graph\">{\"@context\":\"https:\\\/\\\/schema.org\",\"@graph\":[{\"@type\":\"Article\",\"@id\":\"https:\\\/\\\/cptspaysdangouleme.fr\\\/index.php\\\/2025\\\/10\\\/24\\\/confinement-pour-memoire-le-covid-5-ans-apres-se-souvenir-pour-mieux-comprendre\\\/#article\",\"isPartOf\":{\"@id\":\"https:\\\/\\\/cptspaysdangouleme.fr\\\/index.php\\\/2025\\\/10\\\/24\\\/confinement-pour-memoire-le-covid-5-ans-apres-se-souvenir-pour-mieux-comprendre\\\/\"},\"author\":{\"name\":\"aLx\",\"@id\":\"https:\\\/\\\/cptspaysdangouleme.fr\\\/#\\\/schema\\\/person\\\/0f4fbc885792e68a0f4e55212b36da3e\"},\"headline\":\"\u00ab Confinement pour m\u00e9moire \u2013 Le Covid, 5 ans apr\u00e8s \u00bb : se souvenir pour mieux comprendre\",\"datePublished\":\"2025-10-24T10:24:53+00:00\",\"dateModified\":\"2026-02-24T09:53:15+00:00\",\"mainEntityOfPage\":{\"@id\":\"https:\\\/\\\/cptspaysdangouleme.fr\\\/index.php\\\/2025\\\/10\\\/24\\\/confinement-pour-memoire-le-covid-5-ans-apres-se-souvenir-pour-mieux-comprendre\\\/\"},\"wordCount\":577,\"commentCount\":0,\"image\":{\"@id\":\"https:\\\/\\\/cptspaysdangouleme.fr\\\/index.php\\\/2025\\\/10\\\/24\\\/confinement-pour-memoire-le-covid-5-ans-apres-se-souvenir-pour-mieux-comprendre\\\/#primaryimage\"},\"thumbnailUrl\":\"https:\\\/\\\/cptspaysdangouleme.fr\\\/wp-content\\\/uploads\\\/2025\\\/11\\\/BD-CVID.jpg\",\"articleSection\":[\"Actualit\u00e9s\"],\"inLanguage\":\"fr-FR\",\"potentialAction\":[{\"@type\":\"CommentAction\",\"name\":\"Comment\",\"target\":[\"https:\\\/\\\/cptspaysdangouleme.fr\\\/index.php\\\/2025\\\/10\\\/24\\\/confinement-pour-memoire-le-covid-5-ans-apres-se-souvenir-pour-mieux-comprendre\\\/#respond\"]}]},{\"@type\":\"WebPage\",\"@id\":\"https:\\\/\\\/cptspaysdangouleme.fr\\\/index.php\\\/2025\\\/10\\\/24\\\/confinement-pour-memoire-le-covid-5-ans-apres-se-souvenir-pour-mieux-comprendre\\\/\",\"url\":\"https:\\\/\\\/cptspaysdangouleme.fr\\\/index.php\\\/2025\\\/10\\\/24\\\/confinement-pour-memoire-le-covid-5-ans-apres-se-souvenir-pour-mieux-comprendre\\\/\",\"name\":\"\u00ab Confinement pour m\u00e9moire \u2013 Le Covid, 5 ans apr\u00e8s \u00bb : se souvenir pour mieux comprendre - Cpts Pays Angouleme\",\"isPartOf\":{\"@id\":\"https:\\\/\\\/cptspaysdangouleme.fr\\\/#website\"},\"primaryImageOfPage\":{\"@id\":\"https:\\\/\\\/cptspaysdangouleme.fr\\\/index.php\\\/2025\\\/10\\\/24\\\/confinement-pour-memoire-le-covid-5-ans-apres-se-souvenir-pour-mieux-comprendre\\\/#primaryimage\"},\"image\":{\"@id\":\"https:\\\/\\\/cptspaysdangouleme.fr\\\/index.php\\\/2025\\\/10\\\/24\\\/confinement-pour-memoire-le-covid-5-ans-apres-se-souvenir-pour-mieux-comprendre\\\/#primaryimage\"},\"thumbnailUrl\":\"https:\\\/\\\/cptspaysdangouleme.fr\\\/wp-content\\\/uploads\\\/2025\\\/11\\\/BD-CVID.jpg\",\"datePublished\":\"2025-10-24T10:24:53+00:00\",\"dateModified\":\"2026-02-24T09:53:15+00:00\",\"author\":{\"@id\":\"https:\\\/\\\/cptspaysdangouleme.fr\\\/#\\\/schema\\\/person\\\/0f4fbc885792e68a0f4e55212b36da3e\"},\"breadcrumb\":{\"@id\":\"https:\\\/\\\/cptspaysdangouleme.fr\\\/index.php\\\/2025\\\/10\\\/24\\\/confinement-pour-memoire-le-covid-5-ans-apres-se-souvenir-pour-mieux-comprendre\\\/#breadcrumb\"},\"inLanguage\":\"fr-FR\",\"potentialAction\":[{\"@type\":\"ReadAction\",\"target\":[\"https:\\\/\\\/cptspaysdangouleme.fr\\\/index.php\\\/2025\\\/10\\\/24\\\/confinement-pour-memoire-le-covid-5-ans-apres-se-souvenir-pour-mieux-comprendre\\\/\"]}]},{\"@type\":\"ImageObject\",\"inLanguage\":\"fr-FR\",\"@id\":\"https:\\\/\\\/cptspaysdangouleme.fr\\\/index.php\\\/2025\\\/10\\\/24\\\/confinement-pour-memoire-le-covid-5-ans-apres-se-souvenir-pour-mieux-comprendre\\\/#primaryimage\",\"url\":\"https:\\\/\\\/cptspaysdangouleme.fr\\\/wp-content\\\/uploads\\\/2025\\\/11\\\/BD-CVID.jpg\",\"contentUrl\":\"https:\\\/\\\/cptspaysdangouleme.fr\\\/wp-content\\\/uploads\\\/2025\\\/11\\\/BD-CVID.jpg\",\"width\":1000,\"height\":1091},{\"@type\":\"BreadcrumbList\",\"@id\":\"https:\\\/\\\/cptspaysdangouleme.fr\\\/index.php\\\/2025\\\/10\\\/24\\\/confinement-pour-memoire-le-covid-5-ans-apres-se-souvenir-pour-mieux-comprendre\\\/#breadcrumb\",\"itemListElement\":[{\"@type\":\"ListItem\",\"position\":1,\"name\":\"Home\",\"item\":\"https:\\\/\\\/cptspaysdangouleme.fr\\\/\"},{\"@type\":\"ListItem\",\"position\":2,\"name\":\"\u00ab Confinement pour m\u00e9moire \u2013 Le Covid, 5 ans apr\u00e8s \u00bb : se souvenir pour mieux comprendre\"}]},{\"@type\":\"WebSite\",\"@id\":\"https:\\\/\\\/cptspaysdangouleme.fr\\\/#website\",\"url\":\"https:\\\/\\\/cptspaysdangouleme.fr\\\/\",\"name\":\"Cpts Pays Angouleme\",\"description\":\"\",\"potentialAction\":[{\"@type\":\"SearchAction\",\"target\":{\"@type\":\"EntryPoint\",\"urlTemplate\":\"https:\\\/\\\/cptspaysdangouleme.fr\\\/?s={search_term_string}\"},\"query-input\":{\"@type\":\"PropertyValueSpecification\",\"valueRequired\":true,\"valueName\":\"search_term_string\"}}],\"inLanguage\":\"fr-FR\"},{\"@type\":\"Person\",\"@id\":\"https:\\\/\\\/cptspaysdangouleme.fr\\\/#\\\/schema\\\/person\\\/0f4fbc885792e68a0f4e55212b36da3e\",\"name\":\"aLx\",\"image\":{\"@type\":\"ImageObject\",\"inLanguage\":\"fr-FR\",\"@id\":\"https:\\\/\\\/secure.gravatar.com\\\/avatar\\\/664e0dab6cef75e2a646bc3e5f1c3a690ca6dbfdee7e40b298306ceb9fffa59b?s=96&d=mm&r=g\",\"url\":\"https:\\\/\\\/secure.gravatar.com\\\/avatar\\\/664e0dab6cef75e2a646bc3e5f1c3a690ca6dbfdee7e40b298306ceb9fffa59b?s=96&d=mm&r=g\",\"contentUrl\":\"https:\\\/\\\/secure.gravatar.com\\\/avatar\\\/664e0dab6cef75e2a646bc3e5f1c3a690ca6dbfdee7e40b298306ceb9fffa59b?s=96&d=mm&r=g\",\"caption\":\"aLx\"},\"url\":\"https:\\\/\\\/cptspaysdangouleme.fr\\\/index.php\\\/author\\\/alx\\\/\"}]}<\/script>\n<!-- \/ Yoast SEO plugin. -->","yoast_head_json":{"title":"\u00ab Confinement pour m\u00e9moire \u2013 Le Covid, 5 ans apr\u00e8s \u00bb : se souvenir pour mieux comprendre - Cpts Pays Angouleme","robots":{"index":"index","follow":"follow","max-snippet":"max-snippet:-1","max-image-preview":"max-image-preview:large","max-video-preview":"max-video-preview:-1"},"canonical":"https:\/\/cptspaysdangouleme.fr\/index.php\/2025\/10\/24\/confinement-pour-memoire-le-covid-5-ans-apres-se-souvenir-pour-mieux-comprendre\/","og_locale":"fr_FR","og_type":"article","og_title":"\u00ab Confinement pour m\u00e9moire \u2013 Le Covid, 5 ans apr\u00e8s \u00bb : se souvenir pour mieux comprendre - Cpts Pays Angouleme","og_description":"Le 24 octobre dernier, la CPTS Pays d\u2019Angoul\u00eame a soutenu l\u2019\u00e9v\u00e9nement \u00ab Confinement pour m\u00e9moire \u2013 Le Covid, 5 ans apr\u00e8s \u00bb, organis\u00e9 par le CSCS Flep de Soyaux.","og_url":"https:\/\/cptspaysdangouleme.fr\/index.php\/2025\/10\/24\/confinement-pour-memoire-le-covid-5-ans-apres-se-souvenir-pour-mieux-comprendre\/","og_site_name":"Cpts Pays Angouleme","article_published_time":"2025-10-24T10:24:53+00:00","article_modified_time":"2026-02-24T09:53:15+00:00","og_image":[{"width":1000,"height":1091,"url":"https:\/\/cptspaysdangouleme.fr\/wp-content\/uploads\/2025\/11\/BD-CVID.jpg","type":"image\/jpeg"}],"author":"aLx","twitter_card":"summary_large_image","twitter_misc":{"\u00c9crit par":"aLx","Dur\u00e9e de lecture estim\u00e9e":"3 minutes"},"schema":{"@context":"https:\/\/schema.org","@graph":[{"@type":"Article","@id":"https:\/\/cptspaysdangouleme.fr\/index.php\/2025\/10\/24\/confinement-pour-memoire-le-covid-5-ans-apres-se-souvenir-pour-mieux-comprendre\/#article","isPartOf":{"@id":"https:\/\/cptspaysdangouleme.fr\/index.php\/2025\/10\/24\/confinement-pour-memoire-le-covid-5-ans-apres-se-souvenir-pour-mieux-comprendre\/"},"author":{"name":"aLx","@id":"https:\/\/cptspaysdangouleme.fr\/#\/schema\/person\/0f4fbc885792e68a0f4e55212b36da3e"},"headline":"\u00ab Confinement pour m\u00e9moire \u2013 Le Covid, 5 ans apr\u00e8s \u00bb : se souvenir pour mieux comprendre","datePublished":"2025-10-24T10:24:53+00:00","dateModified":"2026-02-24T09:53:15+00:00","mainEntityOfPage":{"@id":"https:\/\/cptspaysdangouleme.fr\/index.php\/2025\/10\/24\/confinement-pour-memoire-le-covid-5-ans-apres-se-souvenir-pour-mieux-comprendre\/"},"wordCount":577,"commentCount":0,"image":{"@id":"https:\/\/cptspaysdangouleme.fr\/index.php\/2025\/10\/24\/confinement-pour-memoire-le-covid-5-ans-apres-se-souvenir-pour-mieux-comprendre\/#primaryimage"},"thumbnailUrl":"https:\/\/cptspaysdangouleme.fr\/wp-content\/uploads\/2025\/11\/BD-CVID.jpg","articleSection":["Actualit\u00e9s"],"inLanguage":"fr-FR","potentialAction":[{"@type":"CommentAction","name":"Comment","target":["https:\/\/cptspaysdangouleme.fr\/index.php\/2025\/10\/24\/confinement-pour-memoire-le-covid-5-ans-apres-se-souvenir-pour-mieux-comprendre\/#respond"]}]},{"@type":"WebPage","@id":"https:\/\/cptspaysdangouleme.fr\/index.php\/2025\/10\/24\/confinement-pour-memoire-le-covid-5-ans-apres-se-souvenir-pour-mieux-comprendre\/","url":"https:\/\/cptspaysdangouleme.fr\/index.php\/2025\/10\/24\/confinement-pour-memoire-le-covid-5-ans-apres-se-souvenir-pour-mieux-comprendre\/","name":"\u00ab Confinement pour m\u00e9moire \u2013 Le Covid, 5 ans apr\u00e8s \u00bb : se souvenir pour mieux comprendre - Cpts Pays Angouleme","isPartOf":{"@id":"https:\/\/cptspaysdangouleme.fr\/#website"},"primaryImageOfPage":{"@id":"https:\/\/cptspaysdangouleme.fr\/index.php\/2025\/10\/24\/confinement-pour-memoire-le-covid-5-ans-apres-se-souvenir-pour-mieux-comprendre\/#primaryimage"},"image":{"@id":"https:\/\/cptspaysdangouleme.fr\/index.php\/2025\/10\/24\/confinement-pour-memoire-le-covid-5-ans-apres-se-souvenir-pour-mieux-comprendre\/#primaryimage"},"thumbnailUrl":"https:\/\/cptspaysdangouleme.fr\/wp-content\/uploads\/2025\/11\/BD-CVID.jpg","datePublished":"2025-10-24T10:24:53+00:00","dateModified":"2026-02-24T09:53:15+00:00","author":{"@id":"https:\/\/cptspaysdangouleme.fr\/#\/schema\/person\/0f4fbc885792e68a0f4e55212b36da3e"},"breadcrumb":{"@id":"https:\/\/cptspaysdangouleme.fr\/index.php\/2025\/10\/24\/confinement-pour-memoire-le-covid-5-ans-apres-se-souvenir-pour-mieux-comprendre\/#breadcrumb"},"inLanguage":"fr-FR","potentialAction":[{"@type":"ReadAction","target":["https:\/\/cptspaysdangouleme.fr\/index.php\/2025\/10\/24\/confinement-pour-memoire-le-covid-5-ans-apres-se-souvenir-pour-mieux-comprendre\/"]}]},{"@type":"ImageObject","inLanguage":"fr-FR","@id":"https:\/\/cptspaysdangouleme.fr\/index.php\/2025\/10\/24\/confinement-pour-memoire-le-covid-5-ans-apres-se-souvenir-pour-mieux-comprendre\/#primaryimage","url":"https:\/\/cptspaysdangouleme.fr\/wp-content\/uploads\/2025\/11\/BD-CVID.jpg","contentUrl":"https:\/\/cptspaysdangouleme.fr\/wp-content\/uploads\/2025\/11\/BD-CVID.jpg","width":1000,"height":1091},{"@type":"BreadcrumbList","@id":"https:\/\/cptspaysdangouleme.fr\/index.php\/2025\/10\/24\/confinement-pour-memoire-le-covid-5-ans-apres-se-souvenir-pour-mieux-comprendre\/#breadcrumb","itemListElement":[{"@type":"ListItem","position":1,"name":"Home","item":"https:\/\/cptspaysdangouleme.fr\/"},{"@type":"ListItem","position":2,"name":"\u00ab Confinement pour m\u00e9moire \u2013 Le Covid, 5 ans apr\u00e8s \u00bb : se souvenir pour mieux comprendre"}]},{"@type":"WebSite","@id":"https:\/\/cptspaysdangouleme.fr\/#website","url":"https:\/\/cptspaysdangouleme.fr\/","name":"Cpts Pays Angouleme","description":"","potentialAction":[{"@type":"SearchAction","target":{"@type":"EntryPoint","urlTemplate":"https:\/\/cptspaysdangouleme.fr\/?s={search_term_string}"},"query-input":{"@type":"PropertyValueSpecification","valueRequired":true,"valueName":"search_term_string"}}],"inLanguage":"fr-FR"},{"@type":"Person","@id":"https:\/\/cptspaysdangouleme.fr\/#\/schema\/person\/0f4fbc885792e68a0f4e55212b36da3e","name":"aLx","image":{"@type":"ImageObject","inLanguage":"fr-FR","@id":"https:\/\/secure.gravatar.com\/avatar\/664e0dab6cef75e2a646bc3e5f1c3a690ca6dbfdee7e40b298306ceb9fffa59b?s=96&d=mm&r=g","url":"https:\/\/secure.gravatar.com\/avatar\/664e0dab6cef75e2a646bc3e5f1c3a690ca6dbfdee7e40b298306ceb9fffa59b?s=96&d=mm&r=g","contentUrl":"https:\/\/secure.gravatar.com\/avatar\/664e0dab6cef75e2a646bc3e5f1c3a690ca6dbfdee7e40b298306ceb9fffa59b?s=96&d=mm&r=g","caption":"aLx"},"url":"https:\/\/cptspaysdangouleme.fr\/index.php\/author\/alx\/"}]}},"_links":{"self":[{"href":"https:\/\/cptspaysdangouleme.fr\/index.php\/wp-json\/wp\/v2\/posts\/159578","targetHints":{"allow":["GET"]}}],"collection":[{"href":"https:\/\/cptspaysdangouleme.fr\/index.php\/wp-json\/wp\/v2\/posts"}],"about":[{"href":"https:\/\/cptspaysdangouleme.fr\/index.php\/wp-json\/wp\/v2\/types\/post"}],"author":[{"embeddable":true,"href":"https:\/\/cptspaysdangouleme.fr\/index.php\/wp-json\/wp\/v2\/users\/2"}],"replies":[{"embeddable":true,"href":"https:\/\/cptspaysdangouleme.fr\/index.php\/wp-json\/wp\/v2\/comments?post=159578"}],"version-history":[{"count":8,"href":"https:\/\/cptspaysdangouleme.fr\/index.php\/wp-json\/wp\/v2\/posts\/159578\/revisions"}],"predecessor-version":[{"id":160937,"href":"https:\/\/cptspaysdangouleme.fr\/index.php\/wp-json\/wp\/v2\/posts\/159578\/revisions\/160937"}],"wp:featuredmedia":[{"embeddable":true,"href":"https:\/\/cptspaysdangouleme.fr\/index.php\/wp-json\/wp\/v2\/media\/160889"}],"wp:attachment":[{"href":"https:\/\/cptspaysdangouleme.fr\/index.php\/wp-json\/wp\/v2\/media?parent=159578"}],"wp:term":[{"taxonomy":"category","embeddable":true,"href":"https:\/\/cptspaysdangouleme.fr\/index.php\/wp-json\/wp\/v2\/categories?post=159578"},{"taxonomy":"post_tag","embeddable":true,"href":"https:\/\/cptspaysdangouleme.fr\/index.php\/wp-json\/wp\/v2\/tags?post=159578"}],"curies":[{"name":"wp","href":"https:\/\/api.w.org\/{rel}","templated":true}]}}